{"id":3374,"date":"2022-09-22T18:31:12","date_gmt":"2022-09-22T18:31:12","guid":{"rendered":"https:\/\/odsforbusiness.com\/?p=3374"},"modified":"2022-09-22T18:55:44","modified_gmt":"2022-09-22T18:55:44","slug":"xavier-marcet","status":"publish","type":"post","link":"https:\/\/odsforbusiness.com\/en\/xavier-marcet\/","title":{"rendered":"Xavier Marcet en Torrelodones"},"content":{"rendered":"<p>Xavier Marcet nos ha acompa\u00f1ado en una\u00a0conferencia con los empresarios organizada por el Ayuntamiento de Torrelodones\u00a0y el LaB (Laboratorio de Aprendizaje Colectivo en Torrelodones).<\/p>\n<p>En la Jornada hemos tenido el \u00a0inmenso placer de asistir con la charla\u00a0magistral del gran consultor de empresas, que en su intervenci\u00f3n asesor\u00f3 al tejido empresarial en\u00a0<strong style=\"line-height: inherit\">\u201cC\u00f3mo\u00a0hacer crecer a tu empresa haciendo crecer a la sociedad\u201d.<\/strong><\/p>\n<p><strong>\u00a0<\/strong><\/p>\n<p><strong style=\"font-style: inherit\">Todo un lujo de evento. Muchas gracias, Xavier.<\/strong><\/p>\n<table>\n<tbody>\n<tr>\n<td><div style=\"width: 426px;\" class=\"wp-video\"><video class=\"wp-video-shortcode\" id=\"video-3374-1\" width=\"426\" height=\"240\" poster=\"https:\/\/odsforbusiness.com\/wp-content\/uploads\/2022\/04\/ODS-TORRELODONES.jpeg\" preload=\"metadata\" controls=\"controls\"><source type=\"video\/mp4\" src=\"https:\/\/odsforbusiness.com\/wp-content\/uploads\/2022\/09\/ODS-EN-TORRELODONES.mp4?_=1\" \/><a href=\"https:\/\/odsforbusiness.com\/wp-content\/uploads\/2022\/09\/ODS-EN-TORRELODONES.mp4\">https:\/\/odsforbusiness.com\/wp-content\/uploads\/2022\/09\/ODS-EN-TORRELODONES.mp4<\/a><\/video><\/div><\/td>\n<td>La Concejala de Desarrollo Local (Mar\u00eda Antonia Luj\u00e1n) ha presentado el resumen de los proyectos realizados en este ejercicio, con especial menci\u00f3n de acompa\u00f1amiento y mentorizaci\u00f3n a las empresas de Torrelodones, realizado por ODSforBusiness.<\/td>\n<\/tr>\n<\/tbody>\n<\/table>","protected":false},"excerpt":{"rendered":"<p>Xavier Marcet nos ha acompa\u00f1ado en una\u00a0conferencia con los empresarios organizada por el Ayuntamiento de Torrelodones\u00a0y el LaB (Laboratorio de Aprendizaje Colectivo en Torrelodones). En la Jornada hemos tenido el \u00a0inmenso placer de asistir con la charla\u00a0magistral del gran consultor de empresas, que en su intervenci\u00f3n asesor\u00f3 al tejido empresarial en\u00a0\u201cC\u00f3mo\u00a0hacer crecer a tu empresa [&hellip;]<\/p>\n","protected":false},"author":2,"featured_media":3391,"comment_status":"closed","ping_status":"closed","sticky":false,"template":"","format":"standard","meta":{"site-sidebar-layout":"default","site-content-layout":"","ast-site-content-layout":"default","site-content-style":"default","site-sidebar-style":"default","ast-global-header-display":"","ast-banner-title-visibility":"","ast-main-header-display":"","ast-hfb-above-header-display":"","ast-hfb-below-header-display":"","ast-hfb-mobile-header-display":"","site-post-title":"","ast-breadcrumbs-content":"","ast-featured-img":"","footer-sml-layout":"","ast-disable-related-posts":"","theme-transparent-header-meta":"","adv-header-id-meta":"","stick-header-meta":"","header-above-stick-meta":"","header-main-stick-meta":"","header-below-stick-meta":"","astra-migrate-meta-layouts":"default","ast-page-background-enabled":"default","ast-page-background-meta":{"desktop":{"background-color":"","background-image":"","background-repeat":"repeat","background-position":"center center","background-size":"auto","background-attachment":"scroll","background-type":"","background-media":"","overlay-type":"","overlay-color":"","overlay-opacity":"","overlay-gradient":""},"tablet":{"background-color":"","background-image":"","background-repeat":"repeat","background-position":"center center","background-size":"auto","background-attachment":"scroll","background-type":"","background-media":"","overlay-type":"","overlay-color":"","overlay-opacity":"","overlay-gradient":""},"mobile":{"background-color":"","background-image":"","background-repeat":"repeat","background-position":"center center","background-size":"auto","background-attachment":"scroll","background-type":"","background-media":"","overlay-type":"","overlay-color":"","overlay-opacity":"","overlay-gradient":""}},"ast-content-background-meta":{"desktop":{"background-color":"var(--ast-global-color-5)","background-image":"","background-repeat":"repeat","background-position":"center center","background-size":"auto","background-attachment":"scroll","background-type":"","background-media":"","overlay-type":"","overlay-color":"","overlay-opacity":"","overlay-gradient":""},"tablet":{"background-color":"var(--ast-global-color-5)","background-image":"","background-repeat":"repeat","background-position":"center center","background-size":"auto","background-attachment":"scroll","background-type":"","background-media":"","overlay-type":"","overlay-color":"","overlay-opacity":"","overlay-gradient":""},"mobile":{"background-color":"var(--ast-global-color-5)","background-image":"","background-repeat":"repeat","background-position":"center center","background-size":"auto","background-attachment":"scroll","background-type":"","background-media":"","overlay-type":"","overlay-color":"","overlay-opacity":"","overlay-gradient":""}},"footnotes":""},"categories":[1],"tags":[],"class_list":["post-3374","post","type-post","status-publish","format-standard","has-post-thumbnail","hentry","category-uncategorized"],"yoast_head":"<!-- This site is optimized with the Yoast SEO plugin v27.5 - https:\/\/yoast.com\/product\/yoast-seo-wordpress\/ -->\n<title>Xavier Marcet en Torrelodones<\/title>\n<meta name=\"description\" content=\"Xavier Marcet nos ha acompa\u00f1ado en una\u00a0conferencia con los empresarios organizada por el Ayuntamiento de Torrelodones\u00a0y el LaB (Laboratorio de Aprendizaje\" \/>\n<meta name=\"robots\" content=\"index, follow, max-snippet:-1, max-image-preview:large, max-video-preview:-1\" \/>\n<link rel=\"canonical\" href=\"https:\/\/odsforbusiness.com\/en\/xavier-marcet\/\" \/>\n<meta property=\"og:locale\" content=\"en_US\" \/>\n<meta property=\"og:type\" content=\"article\" \/>\n<meta property=\"og:title\" content=\"Xavier Marcet en Torrelodones\" \/>\n<meta property=\"og:description\" content=\"Xavier Marcet nos ha acompa\u00f1ado en una\u00a0conferencia con los empresarios organizada por el Ayuntamiento de Torrelodones\u00a0y el LaB (Laboratorio de Aprendizaje\" \/>\n<meta property=\"og:url\" content=\"https:\/\/odsforbusiness.com\/en\/xavier-marcet\/\" \/>\n<meta property=\"og:site_name\" content=\"ODS\" \/>\n<meta property=\"article:published_time\" content=\"2022-09-22T18:31:12+00:00\" \/>\n<meta property=\"article:modified_time\" content=\"2022-09-22T18:55:44+00:00\" \/>\n<meta property=\"og:image\" content=\"https:\/\/odsforbusiness.com\/wp-content\/uploads\/2022\/09\/XAvier-Marcet_DiariTerrassa_01062019-560x416-1.jpg\" \/>\n\t<meta property=\"og:image:width\" content=\"560\" \/>\n\t<meta property=\"og:image:height\" content=\"416\" \/>\n\t<meta property=\"og:image:type\" content=\"image\/jpeg\" \/>\n<meta name=\"author\" content=\"ODS for Business\" \/>\n<meta name=\"twitter:card\" content=\"summary_large_image\" \/>\n<meta name=\"twitter:label1\" content=\"Written by\" \/>\n\t<meta name=\"twitter:data1\" content=\"ODS for Business\" \/>\n\t<meta name=\"twitter:label2\" content=\"Est. reading time\" \/>\n\t<meta name=\"twitter:data2\" content=\"1 minute\" \/>\n<script type=\"application\/ld+json\" class=\"yoast-schema-graph\">{\"@context\":\"https:\\\/\\\/schema.org\",\"@graph\":[{\"@type\":\"Article\",\"@id\":\"https:\\\/\\\/odsforbusiness.com\\\/xavier-marcet\\\/#article\",\"isPartOf\":{\"@id\":\"https:\\\/\\\/odsforbusiness.com\\\/xavier-marcet\\\/\"},\"author\":{\"name\":\"ODS for Business\",\"@id\":\"https:\\\/\\\/odsforbusiness.com\\\/#\\\/schema\\\/person\\\/bf17b083f2d7547a43bd974d0ac43375\"},\"headline\":\"Xavier Marcet en Torrelodones\",\"datePublished\":\"2022-09-22T18:31:12+00:00\",\"dateModified\":\"2022-09-22T18:55:44+00:00\",\"mainEntityOfPage\":{\"@id\":\"https:\\\/\\\/odsforbusiness.com\\\/xavier-marcet\\\/\"},\"wordCount\":139,\"publisher\":{\"@id\":\"https:\\\/\\\/odsforbusiness.com\\\/#organization\"},\"image\":{\"@id\":\"https:\\\/\\\/odsforbusiness.com\\\/xavier-marcet\\\/#primaryimage\"},\"thumbnailUrl\":\"https:\\\/\\\/odsforbusiness.com\\\/wp-content\\\/uploads\\\/2022\\\/09\\\/XAvier-Marcet_DiariTerrassa_01062019-560x416-1.jpg\",\"inLanguage\":\"en-US\"},{\"@type\":\"WebPage\",\"@id\":\"https:\\\/\\\/odsforbusiness.com\\\/xavier-marcet\\\/\",\"url\":\"https:\\\/\\\/odsforbusiness.com\\\/xavier-marcet\\\/\",\"name\":\"Xavier Marcet en Torrelodones\",\"isPartOf\":{\"@id\":\"https:\\\/\\\/odsforbusiness.com\\\/#website\"},\"primaryImageOfPage\":{\"@id\":\"https:\\\/\\\/odsforbusiness.com\\\/xavier-marcet\\\/#primaryimage\"},\"image\":{\"@id\":\"https:\\\/\\\/odsforbusiness.com\\\/xavier-marcet\\\/#primaryimage\"},\"thumbnailUrl\":\"https:\\\/\\\/odsforbusiness.com\\\/wp-content\\\/uploads\\\/2022\\\/09\\\/XAvier-Marcet_DiariTerrassa_01062019-560x416-1.jpg\",\"datePublished\":\"2022-09-22T18:31:12+00:00\",\"dateModified\":\"2022-09-22T18:55:44+00:00\",\"description\":\"Xavier Marcet nos ha acompa\u00f1ado en una\u00a0conferencia con los empresarios organizada por el Ayuntamiento de Torrelodones\u00a0y el LaB (Laboratorio de Aprendizaje\",\"breadcrumb\":{\"@id\":\"https:\\\/\\\/odsforbusiness.com\\\/xavier-marcet\\\/#breadcrumb\"},\"inLanguage\":\"en-US\",\"potentialAction\":[{\"@type\":\"ReadAction\",\"target\":[\"https:\\\/\\\/odsforbusiness.com\\\/xavier-marcet\\\/\"]}]},{\"@type\":\"ImageObject\",\"inLanguage\":\"en-US\",\"@id\":\"https:\\\/\\\/odsforbusiness.com\\\/xavier-marcet\\\/#primaryimage\",\"url\":\"https:\\\/\\\/odsforbusiness.com\\\/wp-content\\\/uploads\\\/2022\\\/09\\\/XAvier-Marcet_DiariTerrassa_01062019-560x416-1.jpg\",\"contentUrl\":\"https:\\\/\\\/odsforbusiness.com\\\/wp-content\\\/uploads\\\/2022\\\/09\\\/XAvier-Marcet_DiariTerrassa_01062019-560x416-1.jpg\",\"width\":560,\"height\":416,\"caption\":\"Xavier Marcet\"},{\"@type\":\"BreadcrumbList\",\"@id\":\"https:\\\/\\\/odsforbusiness.com\\\/xavier-marcet\\\/#breadcrumb\",\"itemListElement\":[{\"@type\":\"ListItem\",\"position\":1,\"name\":\"Portada\",\"item\":\"https:\\\/\\\/odsforbusiness.com\\\/\"},{\"@type\":\"ListItem\",\"position\":2,\"name\":\"Xavier Marcet en Torrelodones\"}]},{\"@type\":\"WebSite\",\"@id\":\"https:\\\/\\\/odsforbusiness.com\\\/#website\",\"url\":\"https:\\\/\\\/odsforbusiness.com\\\/\",\"name\":\"ODS\",\"description\":\"Objetivos de desarrollo sostenible y rentable.\",\"publisher\":{\"@id\":\"https:\\\/\\\/odsforbusiness.com\\\/#organization\"},\"potentialAction\":[{\"@type\":\"SearchAction\",\"target\":{\"@type\":\"EntryPoint\",\"urlTemplate\":\"https:\\\/\\\/odsforbusiness.com\\\/?s={search_term_string}\"},\"query-input\":{\"@type\":\"PropertyValueSpecification\",\"valueRequired\":true,\"valueName\":\"search_term_string\"}}],\"inLanguage\":\"en-US\"},{\"@type\":\"Organization\",\"@id\":\"https:\\\/\\\/odsforbusiness.com\\\/#organization\",\"name\":\"ODS\",\"alternateName\":\"Sostenibilidad y rentabilidad\",\"url\":\"https:\\\/\\\/odsforbusiness.com\\\/\",\"logo\":{\"@type\":\"ImageObject\",\"inLanguage\":\"en-US\",\"@id\":\"https:\\\/\\\/odsforbusiness.com\\\/#\\\/schema\\\/logo\\\/image\\\/\",\"url\":\"https:\\\/\\\/odsforbusiness.com\\\/wp-content\\\/uploads\\\/2021\\\/03\\\/ODS-logo.png\",\"contentUrl\":\"https:\\\/\\\/odsforbusiness.com\\\/wp-content\\\/uploads\\\/2021\\\/03\\\/ODS-logo.png\",\"width\":584,\"height\":295,\"caption\":\"ODS\"},\"image\":{\"@id\":\"https:\\\/\\\/odsforbusiness.com\\\/#\\\/schema\\\/logo\\\/image\\\/\"}},{\"@type\":\"Person\",\"@id\":\"https:\\\/\\\/odsforbusiness.com\\\/#\\\/schema\\\/person\\\/bf17b083f2d7547a43bd974d0ac43375\",\"name\":\"ODS for Business\",\"image\":{\"@type\":\"ImageObject\",\"inLanguage\":\"en-US\",\"@id\":\"https:\\\/\\\/secure.gravatar.com\\\/avatar\\\/156809a01de52c747f942ba7ea51a0879920cc061b773a5719a406dcb9c656df?s=96&d=mm&r=g\",\"url\":\"https:\\\/\\\/secure.gravatar.com\\\/avatar\\\/156809a01de52c747f942ba7ea51a0879920cc061b773a5719a406dcb9c656df?s=96&d=mm&r=g\",\"contentUrl\":\"https:\\\/\\\/secure.gravatar.com\\\/avatar\\\/156809a01de52c747f942ba7ea51a0879920cc061b773a5719a406dcb9c656df?s=96&d=mm&r=g\",\"caption\":\"ODS for Business\"}}]}<\/script>\n<!-- \/ Yoast SEO plugin. -->","yoast_head_json":{"title":"Xavier Marcet en Torrelodones","description":"Xavier Marcet nos ha acompa\u00f1ado en una\u00a0conferencia con los empresarios organizada por el Ayuntamiento de Torrelodones\u00a0y el LaB (Laboratorio de Aprendizaje","robots":{"index":"index","follow":"follow","max-snippet":"max-snippet:-1","max-image-preview":"max-image-preview:large","max-video-preview":"max-video-preview:-1"},"canonical":"https:\/\/odsforbusiness.com\/en\/xavier-marcet\/","og_locale":"en_US","og_type":"article","og_title":"Xavier Marcet en Torrelodones","og_description":"Xavier Marcet nos ha acompa\u00f1ado en una\u00a0conferencia con los empresarios organizada por el Ayuntamiento de Torrelodones\u00a0y el LaB (Laboratorio de Aprendizaje","og_url":"https:\/\/odsforbusiness.com\/en\/xavier-marcet\/","og_site_name":"ODS","article_published_time":"2022-09-22T18:31:12+00:00","article_modified_time":"2022-09-22T18:55:44+00:00","og_image":[{"width":560,"height":416,"url":"https:\/\/odsforbusiness.com\/wp-content\/uploads\/2022\/09\/XAvier-Marcet_DiariTerrassa_01062019-560x416-1.jpg","type":"image\/jpeg"}],"author":"ODS for Business","twitter_card":"summary_large_image","twitter_misc":{"Written by":"ODS for Business","Est. reading time":"1 minute"},"schema":{"@context":"https:\/\/schema.org","@graph":[{"@type":"Article","@id":"https:\/\/odsforbusiness.com\/xavier-marcet\/#article","isPartOf":{"@id":"https:\/\/odsforbusiness.com\/xavier-marcet\/"},"author":{"name":"ODS for Business","@id":"https:\/\/odsforbusiness.com\/#\/schema\/person\/bf17b083f2d7547a43bd974d0ac43375"},"headline":"Xavier Marcet en Torrelodones","datePublished":"2022-09-22T18:31:12+00:00","dateModified":"2022-09-22T18:55:44+00:00","mainEntityOfPage":{"@id":"https:\/\/odsforbusiness.com\/xavier-marcet\/"},"wordCount":139,"publisher":{"@id":"https:\/\/odsforbusiness.com\/#organization"},"image":{"@id":"https:\/\/odsforbusiness.com\/xavier-marcet\/#primaryimage"},"thumbnailUrl":"https:\/\/odsforbusiness.com\/wp-content\/uploads\/2022\/09\/XAvier-Marcet_DiariTerrassa_01062019-560x416-1.jpg","inLanguage":"en-US"},{"@type":"WebPage","@id":"https:\/\/odsforbusiness.com\/xavier-marcet\/","url":"https:\/\/odsforbusiness.com\/xavier-marcet\/","name":"Xavier Marcet en Torrelodones","isPartOf":{"@id":"https:\/\/odsforbusiness.com\/#website"},"primaryImageOfPage":{"@id":"https:\/\/odsforbusiness.com\/xavier-marcet\/#primaryimage"},"image":{"@id":"https:\/\/odsforbusiness.com\/xavier-marcet\/#primaryimage"},"thumbnailUrl":"https:\/\/odsforbusiness.com\/wp-content\/uploads\/2022\/09\/XAvier-Marcet_DiariTerrassa_01062019-560x416-1.jpg","datePublished":"2022-09-22T18:31:12+00:00","dateModified":"2022-09-22T18:55:44+00:00","description":"Xavier Marcet nos ha acompa\u00f1ado en una\u00a0conferencia con los empresarios organizada por el Ayuntamiento de Torrelodones\u00a0y el LaB (Laboratorio de Aprendizaje","breadcrumb":{"@id":"https:\/\/odsforbusiness.com\/xavier-marcet\/#breadcrumb"},"inLanguage":"en-US","potentialAction":[{"@type":"ReadAction","target":["https:\/\/odsforbusiness.com\/xavier-marcet\/"]}]},{"@type":"ImageObject","inLanguage":"en-US","@id":"https:\/\/odsforbusiness.com\/xavier-marcet\/#primaryimage","url":"https:\/\/odsforbusiness.com\/wp-content\/uploads\/2022\/09\/XAvier-Marcet_DiariTerrassa_01062019-560x416-1.jpg","contentUrl":"https:\/\/odsforbusiness.com\/wp-content\/uploads\/2022\/09\/XAvier-Marcet_DiariTerrassa_01062019-560x416-1.jpg","width":560,"height":416,"caption":"Xavier Marcet"},{"@type":"BreadcrumbList","@id":"https:\/\/odsforbusiness.com\/xavier-marcet\/#breadcrumb","itemListElement":[{"@type":"ListItem","position":1,"name":"Portada","item":"https:\/\/odsforbusiness.com\/"},{"@type":"ListItem","position":2,"name":"Xavier Marcet en Torrelodones"}]},{"@type":"WebSite","@id":"https:\/\/odsforbusiness.com\/#website","url":"https:\/\/odsforbusiness.com\/","name":"ODS","description":"Objetivos de desarrollo sostenible y rentable.","publisher":{"@id":"https:\/\/odsforbusiness.com\/#organization"},"potentialAction":[{"@type":"SearchAction","target":{"@type":"EntryPoint","urlTemplate":"https:\/\/odsforbusiness.com\/?s={search_term_string}"},"query-input":{"@type":"PropertyValueSpecification","valueRequired":true,"valueName":"search_term_string"}}],"inLanguage":"en-US"},{"@type":"Organization","@id":"https:\/\/odsforbusiness.com\/#organization","name":"ODS","alternateName":"Sostenibilidad y rentabilidad","url":"https:\/\/odsforbusiness.com\/","logo":{"@type":"ImageObject","inLanguage":"en-US","@id":"https:\/\/odsforbusiness.com\/#\/schema\/logo\/image\/","url":"https:\/\/odsforbusiness.com\/wp-content\/uploads\/2021\/03\/ODS-logo.png","contentUrl":"https:\/\/odsforbusiness.com\/wp-content\/uploads\/2021\/03\/ODS-logo.png","width":584,"height":295,"caption":"ODS"},"image":{"@id":"https:\/\/odsforbusiness.com\/#\/schema\/logo\/image\/"}},{"@type":"Person","@id":"https:\/\/odsforbusiness.com\/#\/schema\/person\/bf17b083f2d7547a43bd974d0ac43375","name":"ODS for Business","image":{"@type":"ImageObject","inLanguage":"en-US","@id":"https:\/\/secure.gravatar.com\/avatar\/156809a01de52c747f942ba7ea51a0879920cc061b773a5719a406dcb9c656df?s=96&d=mm&r=g","url":"https:\/\/secure.gravatar.com\/avatar\/156809a01de52c747f942ba7ea51a0879920cc061b773a5719a406dcb9c656df?s=96&d=mm&r=g","contentUrl":"https:\/\/secure.gravatar.com\/avatar\/156809a01de52c747f942ba7ea51a0879920cc061b773a5719a406dcb9c656df?s=96&d=mm&r=g","caption":"ODS for Business"}}]}},"_links":{"self":[{"href":"https:\/\/odsforbusiness.com\/en\/wp-json\/wp\/v2\/posts\/3374","targetHints":{"allow":["GET"]}}],"collection":[{"href":"https:\/\/odsforbusiness.com\/en\/wp-json\/wp\/v2\/posts"}],"about":[{"href":"https:\/\/odsforbusiness.com\/en\/wp-json\/wp\/v2\/types\/post"}],"author":[{"embeddable":true,"href":"https:\/\/odsforbusiness.com\/en\/wp-json\/wp\/v2\/users\/2"}],"replies":[{"embeddable":true,"href":"https:\/\/odsforbusiness.com\/en\/wp-json\/wp\/v2\/comments?post=3374"}],"version-history":[{"count":5,"href":"https:\/\/odsforbusiness.com\/en\/wp-json\/wp\/v2\/posts\/3374\/revisions"}],"predecessor-version":[{"id":3395,"href":"https:\/\/odsforbusiness.com\/en\/wp-json\/wp\/v2\/posts\/3374\/revisions\/3395"}],"wp:featuredmedia":[{"embeddable":true,"href":"https:\/\/odsforbusiness.com\/en\/wp-json\/wp\/v2\/media\/3391"}],"wp:attachment":[{"href":"https:\/\/odsforbusiness.com\/en\/wp-json\/wp\/v2\/media?parent=3374"}],"wp:term":[{"taxonomy":"category","embeddable":true,"href":"https:\/\/odsforbusiness.com\/en\/wp-json\/wp\/v2\/categories?post=3374"},{"taxonomy":"post_tag","embeddable":true,"href":"https:\/\/odsforbusiness.com\/en\/wp-json\/wp\/v2\/tags?post=3374"}],"curies":[{"name":"wp","href":"https:\/\/api.w.org\/{rel}","templated":true}]}}